{"id":1321,"date":"2020-09-08T21:09:55","date_gmt":"2020-09-08T19:09:55","guid":{"rendered":"http:\/\/jet-geneve.ch\/?p=1321"},"modified":"2020-09-08T21:10:34","modified_gmt":"2020-09-08T19:10:34","slug":"concept-de-protection-championnat","status":"publish","type":"post","link":"https:\/\/jet-geneve.ch\/?p=1321","title":{"rendered":"Concept de protection championnat"},"content":{"rendered":"\n<p>Le Jet Roller Club Gen\u00e8ve se r\u00e9jouit du premier match \u00e0 domicile de la nouvelle saison LNB 2020-2021. Il s&rsquo;agira du samedi 19.09.2020 \u00e0 15h30 contre les Vordemwald White Sox. Pour autant, en raison du COVID voici quelques directives \u00e0 respecter:<\/p>\n\n\n\n<p>&#8211; Le craquage de fumig\u00e8ne en tribune est remplac\u00e9 par le port du masque obligatoire. Plus de raisons de ne pas venir voir un match \u00e0 cause d&rsquo;effluves naus\u00e9abondes !<\/p>\n\n\n\n<p>&#8211; Pour les anti-masques, pas de probl\u00e8me vous pouvez venir sur le bateau, le port du masque n&rsquo;y est pas obligatoire et on a toujours besoin d&rsquo;un coup de main pour le chrono, le 3\u00e8me arbitre et la feuille de match <img decoding=\"async\" loading=\"lazy\" alt=\"&#x1f642;\" src=\"https:\/\/static.xx.fbcdn.net\/images\/emoji.php\/v9\/teb\/2\/16\/1f642.png\" width=\"16\" height=\"16\"><\/p>\n\n\n\n<p>&#8211; Enfin, vous ne pourrez plus vous plaindre de grignoter pendant nos matchs car la buvette n&rsquo;est plus accessible. Fini les kilos en trop! Comme vous voyez, il n&rsquo;y a que des avantages \u00e0 venir supporter les Jets \u00e0 la Queue d&rsquo;arve! Retrouvez toutes les directives officielles \u00e0 respecter lors des matchs ci-dessous.<\/p>\n\n\n\n<figure class=\"wp-block-gallery columns-3 is-cropped wp-block-gallery-1 is-layout-flex\"><ul class=\"blocks-gallery-grid\"><li class=\"blocks-gallery-item\"><figure><img decoding=\"async\" loading=\"lazy\" width=\"724\" height=\"1024\" src=\"https:\/\/jet-geneve.ch\/wordpress\/wp-content\/uploads\/2020\/09\/Concept-de-protection-Championnat-v2.0-6-724x1024.jpg\" alt=\"\" data-id=\"1328\" data-link=\"https:\/\/jet-geneve.ch\/?attachment_id=1328#main\" class=\"wp-image-1328\" srcset=\"https:\/\/jet-geneve.ch\/wordpress\/wp-content\/uploads\/2020\/09\/Concept-de-protection-Championnat-v2.0-6-724x1024.jpg 724w, https:\/\/jet-geneve.ch\/wordpress\/wp-content\/uploads\/2020\/09\/Concept-de-protection-Championnat-v2.0-6-212x300.jpg 212w, https:\/\/jet-geneve.ch\/wordpress\/wp-content\/uploads\/2020\/09\/Concept-de-protection-Championnat-v2.0-6-768x1086.jpg 768w, https:\/\/jet-geneve.ch\/wordpress\/wp-content\/uploads\/2020\/09\/Concept-de-protection-Championnat-v2.0-6-1086x1536.jpg 1086w, https:\/\/jet-geneve.ch\/wordpress\/wp-content\/uploads\/2020\/09\/Concept-de-protection-Championnat-v2.0-6-90x128.jpg 90w, https:\/\/jet-geneve.ch\/wordpress\/wp-content\/uploads\/2020\/09\/Concept-de-protection-Championnat-v2.0-6-23x32.jpg 23w, https:\/\/jet-geneve.ch\/wordpress\/wp-content\/uploads\/2020\/09\/Concept-de-protection-Championnat-v2.0-6-1x1.jpg 1w, https:\/\/jet-geneve.ch\/wordpress\/wp-content\/uploads\/2020\/09\/Concept-de-protection-Championnat-v2.0-6.jpg 1240w\" sizes=\"(max-width: 724px) 100vw, 724px\" \/><\/figure><\/li><li class=\"blocks-gallery-item\"><figure><img decoding=\"async\" loading=\"lazy\" width=\"724\" height=\"1024\" src=\"https:\/\/jet-geneve.ch\/wordpress\/wp-content\/uploads\/2020\/09\/Concept-de-protection-Championnat-v2.0-2-1-724x1024.jpg\" alt=\"\" data-id=\"1329\" data-link=\"https:\/\/jet-geneve.ch\/?attachment_id=1329#main\" class=\"wp-image-1329\" srcset=\"https:\/\/jet-geneve.ch\/wordpress\/wp-content\/uploads\/2020\/09\/Concept-de-protection-Championnat-v2.0-2-1-724x1024.jpg 724w, https:\/\/jet-geneve.ch\/wordpress\/wp-content\/uploads\/2020\/09\/Concept-de-protection-Championnat-v2.0-2-1-212x300.jpg 212w, https:\/\/jet-geneve.ch\/wordpress\/wp-content\/uploads\/2020\/09\/Concept-de-protection-Championnat-v2.0-2-1-768x1086.jpg 768w, https:\/\/jet-geneve.ch\/wordpress\/wp-content\/uploads\/2020\/09\/Concept-de-protection-Championnat-v2.0-2-1-1086x1536.jpg 1086w, https:\/\/jet-geneve.ch\/wordpress\/wp-content\/uploads\/2020\/09\/Concept-de-protection-Championnat-v2.0-2-1-90x128.jpg 90w, https:\/\/jet-geneve.ch\/wordpress\/wp-content\/uploads\/2020\/09\/Concept-de-protection-Championnat-v2.0-2-1-23x32.jpg 23w, https:\/\/jet-geneve.ch\/wordpress\/wp-content\/uploads\/2020\/09\/Concept-de-protection-Championnat-v2.0-2-1-1x1.jpg 1w, https:\/\/jet-geneve.ch\/wordpress\/wp-content\/uploads\/2020\/09\/Concept-de-protection-Championnat-v2.0-2-1.jpg 1240w\" sizes=\"(max-width: 724px) 100vw, 724px\" \/><\/figure><\/li><li class=\"blocks-gallery-item\"><figure><img decoding=\"async\" loading=\"lazy\" width=\"724\" height=\"1024\" src=\"https:\/\/jet-geneve.ch\/wordpress\/wp-content\/uploads\/2020\/09\/Concept-de-protection-Championnat-v2.0-3-1-724x1024.jpg\" alt=\"\" data-id=\"1330\" data-link=\"https:\/\/jet-geneve.ch\/?attachment_id=1330#main\" class=\"wp-image-1330\" srcset=\"https:\/\/jet-geneve.ch\/wordpress\/wp-content\/uploads\/2020\/09\/Concept-de-protection-Championnat-v2.0-3-1-724x1024.jpg 724w, https:\/\/jet-geneve.ch\/wordpress\/wp-content\/uploads\/2020\/09\/Concept-de-protection-Championnat-v2.0-3-1-212x300.jpg 212w, https:\/\/jet-geneve.ch\/wordpress\/wp-content\/uploads\/2020\/09\/Concept-de-protection-Championnat-v2.0-3-1-768x1086.jpg 768w, https:\/\/jet-geneve.ch\/wordpress\/wp-content\/uploads\/2020\/09\/Concept-de-protection-Championnat-v2.0-3-1-1086x1536.jpg 1086w, https:\/\/jet-geneve.ch\/wordpress\/wp-content\/uploads\/2020\/09\/Concept-de-protection-Championnat-v2.0-3-1-90x128.jpg 90w, https:\/\/jet-geneve.ch\/wordpress\/wp-content\/uploads\/2020\/09\/Concept-de-protection-Championnat-v2.0-3-1-23x32.jpg 23w, https:\/\/jet-geneve.ch\/wordpress\/wp-content\/uploads\/2020\/09\/Concept-de-protection-Championnat-v2.0-3-1-1x1.jpg 1w, https:\/\/jet-geneve.ch\/wordpress\/wp-content\/uploads\/2020\/09\/Concept-de-protection-Championnat-v2.0-3-1.jpg 1240w\" sizes=\"(max-width: 724px) 100vw, 724px\" \/><\/figure><\/li><li class=\"blocks-gallery-item\"><figure><img decoding=\"async\" loading=\"lazy\" width=\"724\" height=\"1024\" src=\"https:\/\/jet-geneve.ch\/wordpress\/wp-content\/uploads\/2020\/09\/Concept-de-protection-Championnat-v2.0-4-1-724x1024.jpg\" alt=\"\" data-id=\"1331\" data-link=\"https:\/\/jet-geneve.ch\/?attachment_id=1331#main\" class=\"wp-image-1331\" srcset=\"https:\/\/jet-geneve.ch\/wordpress\/wp-content\/uploads\/2020\/09\/Concept-de-protection-Championnat-v2.0-4-1-724x1024.jpg 724w, https:\/\/jet-geneve.ch\/wordpress\/wp-content\/uploads\/2020\/09\/Concept-de-protection-Championnat-v2.0-4-1-212x300.jpg 212w, https:\/\/jet-geneve.ch\/wordpress\/wp-content\/uploads\/2020\/09\/Concept-de-protection-Championnat-v2.0-4-1-768x1086.jpg 768w, https:\/\/jet-geneve.ch\/wordpress\/wp-content\/uploads\/2020\/09\/Concept-de-protection-Championnat-v2.0-4-1-1086x1536.jpg 1086w, https:\/\/jet-geneve.ch\/wordpress\/wp-content\/uploads\/2020\/09\/Concept-de-protection-Championnat-v2.0-4-1-90x128.jpg 90w, https:\/\/jet-geneve.ch\/wordpress\/wp-content\/uploads\/2020\/09\/Concept-de-protection-Championnat-v2.0-4-1-23x32.jpg 23w, https:\/\/jet-geneve.ch\/wordpress\/wp-content\/uploads\/2020\/09\/Concept-de-protection-Championnat-v2.0-4-1-1x1.jpg 1w, https:\/\/jet-geneve.ch\/wordpress\/wp-content\/uploads\/2020\/09\/Concept-de-protection-Championnat-v2.0-4-1.jpg 1240w\" sizes=\"(max-width: 724px) 100vw, 724px\" \/><\/figure><\/li><li class=\"blocks-gallery-item\"><figure><img decoding=\"async\" loading=\"lazy\" width=\"724\" height=\"1024\" src=\"https:\/\/jet-geneve.ch\/wordpress\/wp-content\/uploads\/2020\/09\/Concept-de-protection-Championnat-v2.0-5-1-724x1024.jpg\" alt=\"\" data-id=\"1332\" data-full-url=\"https:\/\/jet-geneve.ch\/wordpress\/wp-content\/uploads\/2020\/09\/Concept-de-protection-Championnat-v2.0-5-1.jpg\" data-link=\"https:\/\/jet-geneve.ch\/?attachment_id=1332#main\" class=\"wp-image-1332\" srcset=\"https:\/\/jet-geneve.ch\/wordpress\/wp-content\/uploads\/2020\/09\/Concept-de-protection-Championnat-v2.0-5-1-724x1024.jpg 724w, https:\/\/jet-geneve.ch\/wordpress\/wp-content\/uploads\/2020\/09\/Concept-de-protection-Championnat-v2.0-5-1-212x300.jpg 212w, https:\/\/jet-geneve.ch\/wordpress\/wp-content\/uploads\/2020\/09\/Concept-de-protection-Championnat-v2.0-5-1-768x1086.jpg 768w, https:\/\/jet-geneve.ch\/wordpress\/wp-content\/uploads\/2020\/09\/Concept-de-protection-Championnat-v2.0-5-1-1086x1536.jpg 1086w, https:\/\/jet-geneve.ch\/wordpress\/wp-content\/uploads\/2020\/09\/Concept-de-protection-Championnat-v2.0-5-1-90x128.jpg 90w, https:\/\/jet-geneve.ch\/wordpress\/wp-content\/uploads\/2020\/09\/Concept-de-protection-Championnat-v2.0-5-1-23x32.jpg 23w, https:\/\/jet-geneve.ch\/wordpress\/wp-content\/uploads\/2020\/09\/Concept-de-protection-Championnat-v2.0-5-1-1x1.jpg 1w, https:\/\/jet-geneve.ch\/wordpress\/wp-content\/uploads\/2020\/09\/Concept-de-protection-Championnat-v2.0-5-1.jpg 1240w\" sizes=\"(max-width: 724px) 100vw, 724px\" \/><\/figure><\/li><\/ul><\/figure>\n","protected":false},"excerpt":{"rendered":"<p>Le Jet Roller Club Gen\u00e8ve se r\u00e9jouit du premier match \u00e0 domicile de la nouvelle saison LNB 2020-2021. Il s&rsquo;agira du samedi 19.09.2020 \u00e0 15h30 contre les Vordemwald White Sox. Pour autant, en raison du COVID voici quelques directives \u00e0 respecter: &#8211; Le craquage de fumig\u00e8ne en tribune est remplac\u00e9 par le port du masque [&hellip;]<\/p>\n","protected":false},"author":2,"featured_media":0,"comment_status":"open","ping_status":"open","sticky":false,"template":"","format":"standard","meta":{"jetpack_post_was_ever_published":false,"_jetpack_newsletter_access":"","jetpack_publicize_message":"","jetpack_is_tweetstorm":false,"jetpack_publicize_feature_enabled":true,"jetpack_social_post_already_shared":true,"jetpack_social_options":{"image_generator_settings":{"template":"highway","enabled":false}}},"categories":[1],"tags":[],"jetpack_publicize_connections":[],"jetpack_featured_media_url":"","jetpack_shortlink":"https:\/\/wp.me\/p4Fowu-lj","jetpack_sharing_enabled":true,"_links":{"self":[{"href":"https:\/\/jet-geneve.ch\/index.php?rest_route=\/wp\/v2\/posts\/1321"}],"collection":[{"href":"https:\/\/jet-geneve.ch\/index.php?rest_route=\/wp\/v2\/posts"}],"about":[{"href":"https:\/\/jet-geneve.ch\/index.php?rest_route=\/wp\/v2\/types\/post"}],"author":[{"embeddable":true,"href":"https:\/\/jet-geneve.ch\/index.php?rest_route=\/wp\/v2\/users\/2"}],"replies":[{"embeddable":true,"href":"https:\/\/jet-geneve.ch\/index.php?rest_route=%2Fwp%2Fv2%2Fcomments&post=1321"}],"version-history":[{"count":2,"href":"https:\/\/jet-geneve.ch\/index.php?rest_route=\/wp\/v2\/posts\/1321\/revisions"}],"predecessor-version":[{"id":1334,"href":"https:\/\/jet-geneve.ch\/index.php?rest_route=\/wp\/v2\/posts\/1321\/revisions\/1334"}],"wp:attachment":[{"href":"https:\/\/jet-geneve.ch\/index.php?rest_route=%2Fwp%2Fv2%2Fmedia&parent=1321"}],"wp:term":[{"taxonomy":"category","embeddable":true,"href":"https:\/\/jet-geneve.ch\/index.php?rest_route=%2Fwp%2Fv2%2Fcategories&post=1321"},{"taxonomy":"post_tag","embeddable":true,"href":"https:\/\/jet-geneve.ch\/index.php?rest_route=%2Fwp%2Fv2%2Ftags&post=1321"}],"curies":[{"name":"wp","href":"https:\/\/api.w.org\/{rel}","templated":true}]}}